{"id":87,"date":"2023-05-18T10:11:41","date_gmt":"2023-05-18T13:11:41","guid":{"rendered":"https:\/\/canta.duraznohoy.com\/?p=87"},"modified":"2023-05-18T10:11:41","modified_gmt":"2023-05-18T13:11:41","slug":"jueves-18-de-mayo","status":"publish","type":"post","link":"https:\/\/canta.duraznohoy.com\/?p=87","title":{"rendered":"Jueves 18 de mayo."},"content":{"rendered":"<p>&nbsp;<\/p>\n<audio class=\"wp-audio-shortcode\" id=\"audio-87-1\" preload=\"none\" style=\"width: 100%;\" controls=\"controls\"><source type=\"audio\/mpeg\" src=\"https:\/\/canta.duraznohoy.com\/wp-content\/uploads\/2023\/05\/JUEVES-18-de-mayo.mp3?_=1\" \/><a href=\"https:\/\/canta.duraznohoy.com\/wp-content\/uploads\/2023\/05\/JUEVES-18-de-mayo.mp3\">https:\/\/canta.duraznohoy.com\/wp-content\/uploads\/2023\/05\/JUEVES-18-de-mayo.mp3<\/a><\/audio>\n<p>Homenaje a Jos\u00e9 G. Artigas con Carlos Alberto Rodr\u00edguez, Tabar\u00e9 Etcheverry, Los Olimare\u00f1os y Amalia de la Vega. Adem\u00e1s: Jairo y Atahualpa Yupanki, Fernando y Natalia, Julio Sosa, Tr\u00edo San Javier y H+ector Numa Moraes.<\/p>\n","protected":false},"excerpt":{"rendered":"<p>&nbsp; Homenaje a Jos\u00e9 G. Artigas con Carlos Alberto Rodr\u00edguez, Tabar\u00e9 Etcheverry, Los Olimare\u00f1os y Amalia de la Vega. Adem\u00e1s: [&hellip;]<\/p>\n","protected":false},"author":2,"featured_media":0,"comment_status":"open","ping_status":"open","sticky":false,"template":"","format":"standard","meta":{"footnotes":""},"categories":[1],"tags":[],"class_list":["post-87","post","type-post","status-publish","format-standard","hentry","category-uncategorized"],"aioseo_notices":[],"_links":{"self":[{"href":"https:\/\/canta.duraznohoy.com\/index.php?rest_route=\/wp\/v2\/posts\/87","targetHints":{"allow":["GET"]}}],"collection":[{"href":"https:\/\/canta.duraznohoy.com\/index.php?rest_route=\/wp\/v2\/posts"}],"about":[{"href":"https:\/\/canta.duraznohoy.com\/index.php?rest_route=\/wp\/v2\/types\/post"}],"author":[{"embeddable":true,"href":"https:\/\/canta.duraznohoy.com\/index.php?rest_route=\/wp\/v2\/users\/2"}],"replies":[{"embeddable":true,"href":"https:\/\/canta.duraznohoy.com\/index.php?rest_route=%2Fwp%2Fv2%2Fcomments&post=87"}],"version-history":[{"count":1,"href":"https:\/\/canta.duraznohoy.com\/index.php?rest_route=\/wp\/v2\/posts\/87\/revisions"}],"predecessor-version":[{"id":89,"href":"https:\/\/canta.duraznohoy.com\/index.php?rest_route=\/wp\/v2\/posts\/87\/revisions\/89"}],"wp:attachment":[{"href":"https:\/\/canta.duraznohoy.com\/index.php?rest_route=%2Fwp%2Fv2%2Fmedia&parent=87"}],"wp:term":[{"taxonomy":"category","embeddable":true,"href":"https:\/\/canta.duraznohoy.com\/index.php?rest_route=%2Fwp%2Fv2%2Fcategories&post=87"},{"taxonomy":"post_tag","embeddable":true,"href":"https:\/\/canta.duraznohoy.com\/index.php?rest_route=%2Fwp%2Fv2%2Ftags&post=87"}],"curies":[{"name":"wp","href":"https:\/\/api.w.org\/{rel}","templated":true}]}}